{
    "id": 12800,
    "date": "2025-09-15T10:00:42",
    "date_gmt": "2025-09-15T10:00:42",
    "guid": {
        "rendered": "https:\/\/demo.itsserbia.rs.itsserbia.rs\/?p=12800"
    },
    "modified": "2025-09-17T18:09:51",
    "modified_gmt": "2025-09-17T18:09:51",
    "slug": "its_serbia_at_ev_days",
    "status": "publish",
    "type": "post",
    "link": "https:\/\/demo.itsserbia.rs.itsserbia.rs\/en\/2025\/09\/15\/its_serbia_at_ev_days\/",
    "title": {
        "rendered": "ITS Serbia at Electric Vehicles Days"
    },
    "content": {
        "rendered": "<div data-elementor-type=\"wp-post\" data-elementor-id=\"12800\" class=\"elementor elementor-12800\">\n\t\t\t\t<div class=\"elementor-element elementor-element-cbbdad2 e-flex e-con-boxed e-con e-parent\" data-id=\"cbbdad2\" data-element_type=\"container\" data-core-v316-plus=\"true\">\n\t\t\t\t\t<div class=\"e-con-inner\">\n\t\t\t\t<div class=\"elementor-element elementor-element-d871733 elementor-widget elementor-widget-text-editor\" data-id=\"d871733\" data-element_type=\"widget\" data-widget_type=\"text-editor.default\">\n\t\t\t\t<div class=\"elementor-widget-container\">\n\t\t\t<style>\/*! elementor - v3.20.0 - 11-03-2024 *\/\n.elementor-widget-text-editor.elementor-drop-cap-view-stacked .elementor-drop-cap{background-color:#69727d;color:#fff}.elementor-widget-text-editor.elementor-drop-cap-view-framed .elementor-drop-cap{color:#69727d;border:3px solid;background-color:transparent}.elementor-widget-text-editor:not(.elementor-drop-cap-view-default) .elementor-drop-cap{margin-top:8px}.elementor-widget-text-editor:not(.elementor-drop-cap-view-default) .elementor-drop-cap-letter{width:1em;height:1em}.elementor-widget-text-editor .elementor-drop-cap{float:left;text-align:center;line-height:1;font-size:50px}.elementor-widget-text-editor .elementor-drop-cap-letter{display:inline-block}<\/style>\t\t\t\t<p>EV DAYS &#8211; regional fair dedicated to electromobility, which consists of exhibition and conference divided into 6 panels, has been held in Novi Sad on September 11<sup>th<\/sup> and 12<sup>th<\/sup> 2025.<\/p><p>\u00a0<\/p><p>ITS Serbia Chair Miroslav Petrovi\u0107 took part in the panel named &#8220;Cybersecurity issues in the EV ecosystem&#8221;. Panel has been moderated by TeleGroup Ltd CMO Aleksandar V., involving also representatives of the other relevant stakeholders: national road operator JP &#8220;Putevi Srbije&#8221; &#8211; PE &#8220;Roads of Serbia&#8221; &#8211; Velimir \u0106irovi\u0107 and cybersecurity industry Dragan Novakovi\u0107 and Ivan Mladenovi\u0107.<\/p><p>\u00a0<\/p><p>At the end of the exciting discussion where important information and interesting examples have been shared with the audience, all participants agreed that widespread acceptance of electromobility and autonomous vehicle technologies creates potential for new types of treats in the EV landscape which must be taken into account seriously. Adequate response requires standardization and regulations in various segments, followed by permanent education and continuous knowledge sharing process among stakeholders. ITS Serbia as national organization plays an important role in this process, acting as a facilitator and common link between national, regional and European contributors.<\/p><p>\u00a0<\/p><p>ITS Serbia thanks one more time to the organizers and panel participants for the opportunity to help in raising awareness on the relevant aspects of these emerging technologies.<\/p>\t\t\t\t\t\t<\/div>\n\t\t\t\t<\/div>\n\t\t\t\t\t<\/div>\n\t\t\t\t<\/div>\n\t\t\t\t<\/div>",
        "protected": false
    },
    "excerpt": {
        "rendered": "<p>EV DAYS &#8211; regional fair dedicated to electromobility, which consists of exhibition and conference divided into 6 panels, has been held in Novi Sad on September 11th and 12th 2025. [&hellip;]<\/p>",
        "protected": false
    },
    "author": 1,
    "featured_media": 12802,
    "comment_status": "closed",
    "ping_status": "open",
    "sticky": false,
    "template": "",
    "format": "standard",
    "meta": {
        "footnotes": ""
    },
    "categories": [
        2
    ],
    "tags": [
        5
    ],
    "class_list": [
        "post-12800",
        "post",
        "type-post",
        "status-publish",
        "format-standard",
        "has-post-thumbnail",
        "hentry",
        "category-news",
        "tag-news"
    ],
    "rttpg_featured_image_url": {
        "full": [
            "https:\/\/demo.itsserbia.rs.itsserbia.rs\/wp-content\/uploads\/2025\/09\/its_serbia_at_ev_days_2025.jpg",
            1205,
            1150,
            false
        ],
        "landscape": [
            "https:\/\/demo.itsserbia.rs.itsserbia.rs\/wp-content\/uploads\/2025\/09\/its_serbia_at_ev_days_2025.jpg",
            1205,
            1150,
            false
        ],
        "portraits": [
            "https:\/\/demo.itsserbia.rs.itsserbia.rs\/wp-content\/uploads\/2025\/09\/its_serbia_at_ev_days_2025.jpg",
            1205,
            1150,
            false
        ],
        "thumbnail": [
            "https:\/\/demo.itsserbia.rs.itsserbia.rs\/wp-content\/uploads\/2025\/09\/its_serbia_at_ev_days_2025-150x150.jpg",
            150,
            150,
            true
        ],
        "medium": [
            "https:\/\/demo.itsserbia.rs.itsserbia.rs\/wp-content\/uploads\/2025\/09\/its_serbia_at_ev_days_2025-300x286.jpg",
            300,
            286,
            true
        ],
        "large": [
            "https:\/\/demo.itsserbia.rs.itsserbia.rs\/wp-content\/uploads\/2025\/09\/its_serbia_at_ev_days_2025-1024x977.jpg",
            1024,
            977,
            true
        ],
        "1536x1536": [
            "https:\/\/demo.itsserbia.rs.itsserbia.rs\/wp-content\/uploads\/2025\/09\/its_serbia_at_ev_days_2025.jpg",
            1205,
            1150,
            false
        ],
        "2048x2048": [
            "https:\/\/demo.itsserbia.rs.itsserbia.rs\/wp-content\/uploads\/2025\/09\/its_serbia_at_ev_days_2025.jpg",
            1205,
            1150,
            false
        ],
        "trp-custom-language-flag": [
            "https:\/\/demo.itsserbia.rs.itsserbia.rs\/wp-content\/uploads\/2025\/09\/its_serbia_at_ev_days_2025-13x12.jpg",
            13,
            12,
            true
        ],
        "alpha-post-medium": [
            "https:\/\/demo.itsserbia.rs.itsserbia.rs\/wp-content\/uploads\/2025\/09\/its_serbia_at_ev_days_2025-600x420.jpg",
            600,
            420,
            true
        ],
        "alpha-post-small": [
            "https:\/\/demo.itsserbia.rs.itsserbia.rs\/wp-content\/uploads\/2025\/09\/its_serbia_at_ev_days_2025-400x280.jpg",
            400,
            280,
            true
        ],
        "alpha-product-thumbnail": [
            "https:\/\/demo.itsserbia.rs.itsserbia.rs\/wp-content\/uploads\/2025\/09\/its_serbia_at_ev_days_2025-150x143.jpg",
            150,
            143,
            true
        ],
        "alpha-thumb-custom-1": [
            "https:\/\/demo.itsserbia.rs.itsserbia.rs\/wp-content\/uploads\/2025\/09\/its_serbia_at_ev_days_2025-390x204.jpg",
            390,
            204,
            true
        ],
        "alpha-thumb-custom-2": [
            "https:\/\/demo.itsserbia.rs.itsserbia.rs\/wp-content\/uploads\/2025\/09\/its_serbia_at_ev_days_2025-390x220.jpg",
            390,
            220,
            true
        ],
        "alpha-thumb-custom-3": [
            "https:\/\/demo.itsserbia.rs.itsserbia.rs\/wp-content\/uploads\/2025\/09\/its_serbia_at_ev_days_2025-390x294.jpg",
            390,
            294,
            true
        ],
        "alpha-thumb-custom-4": [
            "https:\/\/demo.itsserbia.rs.itsserbia.rs\/wp-content\/uploads\/2025\/09\/its_serbia_at_ev_days_2025-285x180.jpg",
            285,
            180,
            true
        ],
        "alpha-thumb-custom-5": [
            "https:\/\/demo.itsserbia.rs.itsserbia.rs\/wp-content\/uploads\/2025\/09\/its_serbia_at_ev_days_2025-285x200.jpg",
            285,
            200,
            true
        ]
    },
    "rttpg_author": {
        "display_name": "devellop",
        "author_link": "https:\/\/demo.itsserbia.rs.itsserbia.rs\/en\/author\/devellop\/"
    },
    "rttpg_comment": 0,
    "rttpg_category": "<a href=\"https:\/\/demo.itsserbia.rs.itsserbia.rs\/en\/category\/news\/\" rel=\"category tag\">News<\/a>",
    "rttpg_excerpt": "EV DAYS &#8211; regional fair dedicated to electromobility, which consists of exhibition and conference divided into 6 panels, has been held in Novi Sad on September 11th and 12th 2025. [&hellip;]",
    "_links": {
        "self": [
            {
                "href": "https:\/\/demo.itsserbia.rs.itsserbia.rs\/en\/wp-json\/wp\/v2\/posts\/12800",
                "targetHints": {
                    "allow": [
                        "GET"
                    ]
                }
            }
        ],
        "collection": [
            {
                "href": "https:\/\/demo.itsserbia.rs.itsserbia.rs\/en\/wp-json\/wp\/v2\/posts"
            }
        ],
        "about": [
            {
                "href": "https:\/\/demo.itsserbia.rs.itsserbia.rs\/en\/wp-json\/wp\/v2\/types\/post"
            }
        ],
        "author": [
            {
                "embeddable": true,
                "href": "https:\/\/demo.itsserbia.rs.itsserbia.rs\/en\/wp-json\/wp\/v2\/users\/1"
            }
        ],
        "replies": [
            {
                "embeddable": true,
                "href": "https:\/\/demo.itsserbia.rs.itsserbia.rs\/en\/wp-json\/wp\/v2\/comments?post=12800"
            }
        ],
        "version-history": [
            {
                "count": 0,
                "href": "https:\/\/demo.itsserbia.rs.itsserbia.rs\/en\/wp-json\/wp\/v2\/posts\/12800\/revisions"
            }
        ],
        "wp:featuredmedia": [
            {
                "embeddable": true,
                "href": "https:\/\/demo.itsserbia.rs.itsserbia.rs\/en\/wp-json\/wp\/v2\/media\/12802"
            }
        ],
        "wp:attachment": [
            {
                "href": "https:\/\/demo.itsserbia.rs.itsserbia.rs\/en\/wp-json\/wp\/v2\/media?parent=12800"
            }
        ],
        "wp:term": [
            {
                "taxonomy": "category",
                "embeddable": true,
                "href": "https:\/\/demo.itsserbia.rs.itsserbia.rs\/en\/wp-json\/wp\/v2\/categories?post=12800"
            },
            {
                "taxonomy": "post_tag",
                "embeddable": true,
                "href": "https:\/\/demo.itsserbia.rs.itsserbia.rs\/en\/wp-json\/wp\/v2\/tags?post=12800"
            }
        ],
        "curies": [
            {
                "name": "wp",
                "href": "https:\/\/api.w.org\/{rel}",
                "templated": true
            }
        ]
    }
}